{"id":610,"date":"2025-08-14T09:30:03","date_gmt":"2025-08-14T08:30:03","guid":{"rendered":"https:\/\/gradient.webgiantdemo.se\/?p=610"},"modified":"2025-09-16T19:28:34","modified_gmt":"2025-09-16T18:28:34","slug":"gradient-benchmark-forstarker-organisationen-och-rekryterar-mats-hedlund-som-vd","status":"publish","type":"post","link":"https:\/\/gradient-benchmark.com\/sv\/gradient-benchmark-forstarker-organisationen-och-rekryterar-mats-hedlund-som-vd\/","title":{"rendered":"Gradient Benchmark f\u00f6rst\u00e4rker organisationen och rekryterar Mats Hedlund som VD"},"content":{"rendered":"\n<p>Gradient Benchmark,&nbsp; forts\u00e4tter att utveckla verksamheten och investera i fortsatt tillv\u00e4xt. Som en del av denna satsning har Mats Hedlund rekryterats som VD f\u00f6r Gradient Benchmark AB med tilltr\u00e4de den 14 augusti 2023.<\/p>\n\n\n\n<p>Mats har tidigare l\u00e5ng och gedigen erfarenhet fr\u00e5n dagligvarumarknaden genom ledande befattningar inom bland annat Kronf\u00e5gel, Arla och Carlsberg. Med Mats bakgrund och kompetens f\u00e5r bolaget en v\u00e4rdefull f\u00f6rst\u00e4rkning av organisationen f\u00f6r att vidareutveckla verksamheten. Mattias Libell och Torbj\u00f6rn Karlsson kommer fortsatt vara knutna till Gradient Benchmark i r\u00e5dgivande roller i syfte att st\u00f6tta bolaget fram\u00e5t.<\/p>\n\n\n\n<p>\u201dVi \u00e4r glada \u00f6ver att vi har lyckats rekrytera Mats som \u00e4r en mycket erfaren ledare med gedigen branschkunskap. Han kommer spela en viktig roll i Gradient Benchmarks och Consivokoncernens fortsatta tillv\u00e4xtresa.\u201d, s\u00e4ger Edvard Bj\u00f6rkenheim, CEO Consivo Group.<\/p>\n","protected":false},"excerpt":{"rendered":"<p>Gradient Benchmark,&nbsp; forts\u00e4tter att utveckla verksamheten och investera i fortsatt tillv\u00e4xt. Som en del av denna satsning har Mats Hedlund rekryterats som VD f\u00f6r Gradient Benchmark AB med tilltr\u00e4de den 14 augusti 2023. Mats har tidigare l\u00e5ng och gedigen erfarenhet fr\u00e5n dagligvarumarknaden genom ledande befattningar inom bland annat Kronf\u00e5gel, Arla och Carlsberg. Med Mats bakgrund [&hellip;]<\/p>\n","protected":false},"author":1,"featured_media":0,"comment_status":"open","ping_status":"open","sticky":false,"template":"","format":"standard","meta":{"footnotes":""},"categories":[1],"tags":[],"class_list":["post-610","post","type-post","status-publish","format-standard","hentry","category-okategoriserad"],"_links":{"self":[{"href":"https:\/\/gradient-benchmark.com\/sv\/wp-json\/wp\/v2\/posts\/610","targetHints":{"allow":["GET"]}}],"collection":[{"href":"https:\/\/gradient-benchmark.com\/sv\/wp-json\/wp\/v2\/posts"}],"about":[{"href":"https:\/\/gradient-benchmark.com\/sv\/wp-json\/wp\/v2\/types\/post"}],"author":[{"embeddable":true,"href":"https:\/\/gradient-benchmark.com\/sv\/wp-json\/wp\/v2\/users\/1"}],"replies":[{"embeddable":true,"href":"https:\/\/gradient-benchmark.com\/sv\/wp-json\/wp\/v2\/comments?post=610"}],"version-history":[{"count":3,"href":"https:\/\/gradient-benchmark.com\/sv\/wp-json\/wp\/v2\/posts\/610\/revisions"}],"predecessor-version":[{"id":734,"href":"https:\/\/gradient-benchmark.com\/sv\/wp-json\/wp\/v2\/posts\/610\/revisions\/734"}],"wp:attachment":[{"href":"https:\/\/gradient-benchmark.com\/sv\/wp-json\/wp\/v2\/media?parent=610"}],"wp:term":[{"taxonomy":"category","embeddable":true,"href":"https:\/\/gradient-benchmark.com\/sv\/wp-json\/wp\/v2\/categories?post=610"},{"taxonomy":"post_tag","embeddable":true,"href":"https:\/\/gradient-benchmark.com\/sv\/wp-json\/wp\/v2\/tags?post=610"}],"curies":[{"name":"wp","href":"https:\/\/api.w.org\/{rel}","templated":true}]}}